{"id":863,"date":"2015-11-04T18:20:20","date_gmt":"2015-11-04T17:20:20","guid":{"rendered":"http:\/\/www.020965.de\/?p=863"},"modified":"2015-12-08T10:05:54","modified_gmt":"2015-12-08T09:05:54","slug":"wohnung-teilen","status":"publish","type":"post","link":"http:\/\/www.020965.de\/?p=863","title":{"rendered":"Wohnung teilen"},"content":{"rendered":"<p>Seit 2 1\/2 Jahren bin ich jetzt aktiver Teil der &#8222;Sharing Economy&#8220;. Ich teile meine Wohnung mit G\u00e4sten aus aller Welt. Meist ist es Simons Hochbett, manchmal aber auch mein eigenes Bett, in dem ich Fremde willkommen hei\u00dfe. Wenn die Nachfrage sehr gro\u00df ist und ich nicht zu Hause bin, werden auch schon mal beide Zimmer gleichzeitig vermietet, und zu Messezeiten auch zus\u00e4tzlich das Schlafsofa im Wohnzimmer. Dann hilft mir meist mein Freund Stefan, der die G\u00e4ste in meiner Abwesenheit in Empfang nimmt und auf die Zimmer verteilt. Wir sind nach \u00fcber zwei Jahren schon ein ziemlich eingespieltes Team.<\/p>\n<p>Das Gesch\u00e4ft brummt und noch kein Gast hat eine Axt mitgebracht. <!--more--><\/p>\n<p>Ich biete die Zimmer \u00fcber drei gro\u00dfe Zimmervermietungsplattformen an, von denen die gr\u00f6\u00dfte und bekannteste Airbnb aus Kalifornien ist. Gestern nun nahm ich erstmals an einem Airbnb-Gastgeberstammtisch teil und hatte interessante Gespr\u00e4che mit anderen k\u00f6lschen Gastgebern.<\/p>\n<p>Sehr viele Gastgeber vermieten, im Unterschied zu mir, komplette Apartments, wohnen also nicht selbst mit ihren G\u00e4sten in der Wohnung. Die Airbnb-Vermieter in K\u00f6ln sind generell ziemlich professionell; alle Alters- und Berufsgruppen sind vertreten. Einer vermietet sogar bis zu 7 Betten in einer Wohnung, die kleiner ist als meine, und schl\u00e4ft auch noch selbst dort mit seinen G\u00e4sten! Klar, da\u00df er nur enthusiastische Bewertungen von seinen pers\u00f6nlich betreuten G\u00e4sten erh\u00e4lt.<\/p>\n<p>Ich denke, das Fazit des gestrigen Abends war f\u00fcr mich vor allem eins: alle anderen passen sich mit ihren Preisen der Nachfrage an. Zu Messezeiten in K\u00f6ln, wie Gamescom, ANUGA, Photokina oder dmexco gibt es in K\u00f6ln kein Hotelzimmer unter 100 \u20ac und daher sollte auch ich in diesen Zeiten meine Preise erh\u00f6hen. Die G\u00e4ste freuen sich auf jeden Fall.<\/p>\n<div class=\"airbnb-embed-frame\" data-city-link-index=\"1\" data-id=\"8296661\" data-photo-url=\"https:\/\/a2.muscache.com\/im\/pictures\/8dbf2b51-9825-4624-bfca-e305669c33ef.jpg?aki_policy=x_large\" data-view=\"listing_frame\" style=\"max-width:600px;margin:auto;transition:height .2s;\"><img decoding=\"async\" src=\"https:\/\/a2.muscache.com\/im\/pictures\/8dbf2b51-9825-4624-bfca-e305669c33ef.jpg?aki_policy=x_large\" style=\"max-width:100%;\" alt=\"Wohnung teilen\"><\/p>\n<div><a href=\"https:\/\/www.airbnb.de\/rooms\/8296661\" class=\"broken_link\"><\/p>\n<h4>Ruhiges Schlafzimmer mit Doppelbett<\/h4>\n<p><\/a><\/p>\n<div>K\u00f6ln, Nordrhein-Westfalen, Deutschland<\/div>\n<blockquote><p>Verkehrsg\u00fcnstig, aber ruhig gelegen. 10 Minuten Fussweg zur S-Bahn oder Stra\u00dfenbahn, von dort 5 Minuten zum Dom\/Hbf.Wohnung liegt im 3. Stock (kein Aufzug). Mitnutzung von K\u00fcche und Bad. Kostenlose&#8230;<\/p><\/blockquote>\n<p><a target=\"airbnb\" href=\"https:\/\/www.airbnb.de\/s\/K%C3%B6ln--Deutschland\" class=\"broken_link\"><span>Ferienwohnungen in K\u00f6ln<\/span><\/a><\/div>\n<p><script async src=\"https:\/\/www.airbnb.de\/embeddable\/airbnb_jssdk\"><\/script><\/div>\n","protected":false},"excerpt":{"rendered":"<p>Seit 2 1\/2 Jahren bin ich jetzt aktiver Teil der &#8222;Sharing Economy&#8220;. Ich teile meine Wohnung mit G\u00e4sten aus aller Welt. Meist ist es Simons Hochbett, manchmal aber auch mein eigenes Bett, in dem ich Fremde willkommen hei\u00dfe. Wenn die Nachfrage sehr gro\u00df ist und ich nicht zu Hause bin, werden auch schon mal beide [&hellip;]<\/p>\n","protected":false},"author":1,"featured_media":0,"comment_status":"open","ping_status":"open","sticky":false,"template":"","format":"standard","meta":{"jetpack_post_was_ever_published":false,"footnotes":"","jetpack_publicize_message":"","jetpack_is_tweetstorm":false,"jetpack_publicize_feature_enabled":true},"categories":[17,19,15],"tags":[],"jetpack_publicize_connections":[],"jetpack_featured_media_url":"","jetpack_sharing_enabled":true,"jetpack_shortlink":"https:\/\/wp.me\/paG60H-dV","_links":{"self":[{"href":"http:\/\/www.020965.de\/index.php?rest_route=\/wp\/v2\/posts\/863"}],"collection":[{"href":"http:\/\/www.020965.de\/index.php?rest_route=\/wp\/v2\/posts"}],"about":[{"href":"http:\/\/www.020965.de\/index.php?rest_route=\/wp\/v2\/types\/post"}],"author":[{"embeddable":true,"href":"http:\/\/www.020965.de\/index.php?rest_route=\/wp\/v2\/users\/1"}],"replies":[{"embeddable":true,"href":"http:\/\/www.020965.de\/index.php?rest_route=%2Fwp%2Fv2%2Fcomments&post=863"}],"version-history":[{"count":7,"href":"http:\/\/www.020965.de\/index.php?rest_route=\/wp\/v2\/posts\/863\/revisions"}],"predecessor-version":[{"id":896,"href":"http:\/\/www.020965.de\/index.php?rest_route=\/wp\/v2\/posts\/863\/revisions\/896"}],"wp:attachment":[{"href":"http:\/\/www.020965.de\/index.php?rest_route=%2Fwp%2Fv2%2Fmedia&parent=863"}],"wp:term":[{"taxonomy":"category","embeddable":true,"href":"http:\/\/www.020965.de\/index.php?rest_route=%2Fwp%2Fv2%2Fcategories&post=863"},{"taxonomy":"post_tag","embeddable":true,"href":"http:\/\/www.020965.de\/index.php?rest_route=%2Fwp%2Fv2%2Ftags&post=863"}],"curies":[{"name":"wp","href":"https:\/\/api.w.org\/{rel}","templated":true}]}}