{"id":755,"date":"2015-03-23T07:56:39","date_gmt":"2015-03-23T06:56:39","guid":{"rendered":"http:\/\/www.020965.de\/?p=755"},"modified":"2015-03-23T07:56:39","modified_gmt":"2015-03-23T06:56:39","slug":"streik-im-kindergarten","status":"publish","type":"post","link":"http:\/\/www.020965.de\/?p=755","title":{"rendered":"Streik im Kindergarten"},"content":{"rendered":"<p>Seit vielen Jahren bin ich Mitglied in der Gewerkschaft. Streiks sind ein wichtiges Instrument des sozialen Friedens. Sei es bei Industrieunternehmen, oder bei Dienstleistern. Die Lokf\u00fchrer- und Pilotenstreiks der letzten Monate, so \u00e4rgerlich sie f\u00fcr manche im Einzelfall waren, sind aus meiner Sicht v\u00f6llig legitim.<\/p>\n<p><a href=\"http:\/\/www.020965.de\/wp-content\/uploads\/2015\/03\/20150323_071538.jpg\"><img loading=\"lazy\" decoding=\"async\" src=\"http:\/\/www.020965.de\/wp-content\/uploads\/2015\/03\/20150323_071538.jpg\" alt=\"Streik im Kindergarten\" width=\"640\" height=\"480\" class=\"aligncenter size-full wp-image-756\" srcset=\"http:\/\/www.020965.de\/wp-content\/uploads\/2015\/03\/20150323_071538.jpg 640w, http:\/\/www.020965.de\/wp-content\/uploads\/2015\/03\/20150323_071538-300x225.jpg 300w, http:\/\/www.020965.de\/wp-content\/uploads\/2015\/03\/20150323_071538-624x468.jpg 624w\" sizes=\"(max-width: 640px) 100vw, 640px\" \/><\/a><\/p>\n<p>Aber Streik im Kindergarten geht gar nicht. Das, was heute in K\u00f6ln passiert, ist ein Armutszeugnis f\u00fcr die deutsche Gesellschaft. Ich finde es gut, da\u00df in christlichen Kinderg\u00e4rten diese Art der Auseinandersetzung auf dem R\u00fccken der Kinder und ihrer Eltern schlicht nicht vorkommt.<\/p>\n","protected":false},"excerpt":{"rendered":"<p>Seit vielen Jahren bin ich Mitglied in der Gewerkschaft. Streiks sind ein wichtiges Instrument des sozialen Friedens. Sei es bei Industrieunternehmen, oder bei Dienstleistern. Die Lokf\u00fchrer- und Pilotenstreiks der letzten Monate, so \u00e4rgerlich sie f\u00fcr manche im Einzelfall waren, sind aus meiner Sicht v\u00f6llig legitim. Aber Streik im Kindergarten geht gar nicht. Das, was heute [&hellip;]<\/p>\n","protected":false},"author":1,"featured_media":0,"comment_status":"open","ping_status":"open","sticky":false,"template":"","format":"standard","meta":{"jetpack_post_was_ever_published":false,"footnotes":"","jetpack_publicize_message":"","jetpack_is_tweetstorm":false,"jetpack_publicize_feature_enabled":true},"categories":[7,16,18,19],"tags":[],"jetpack_publicize_connections":[],"jetpack_featured_media_url":"","jetpack_sharing_enabled":true,"jetpack_shortlink":"https:\/\/wp.me\/paG60H-cb","_links":{"self":[{"href":"http:\/\/www.020965.de\/index.php?rest_route=\/wp\/v2\/posts\/755"}],"collection":[{"href":"http:\/\/www.020965.de\/index.php?rest_route=\/wp\/v2\/posts"}],"about":[{"href":"http:\/\/www.020965.de\/index.php?rest_route=\/wp\/v2\/types\/post"}],"author":[{"embeddable":true,"href":"http:\/\/www.020965.de\/index.php?rest_route=\/wp\/v2\/users\/1"}],"replies":[{"embeddable":true,"href":"http:\/\/www.020965.de\/index.php?rest_route=%2Fwp%2Fv2%2Fcomments&post=755"}],"version-history":[{"count":1,"href":"http:\/\/www.020965.de\/index.php?rest_route=\/wp\/v2\/posts\/755\/revisions"}],"predecessor-version":[{"id":757,"href":"http:\/\/www.020965.de\/index.php?rest_route=\/wp\/v2\/posts\/755\/revisions\/757"}],"wp:attachment":[{"href":"http:\/\/www.020965.de\/index.php?rest_route=%2Fwp%2Fv2%2Fmedia&parent=755"}],"wp:term":[{"taxonomy":"category","embeddable":true,"href":"http:\/\/www.020965.de\/index.php?rest_route=%2Fwp%2Fv2%2Fcategories&post=755"},{"taxonomy":"post_tag","embeddable":true,"href":"http:\/\/www.020965.de\/index.php?rest_route=%2Fwp%2Fv2%2Ftags&post=755"}],"curies":[{"name":"wp","href":"https:\/\/api.w.org\/{rel}","templated":true}]}}