{"id":1873,"date":"2019-11-02T12:42:04","date_gmt":"2019-11-02T11:42:04","guid":{"rendered":"http:\/\/www.020965.de\/?p=1873"},"modified":"2019-11-02T12:42:04","modified_gmt":"2019-11-02T11:42:04","slug":"ulrich-zwingli-und-die-umsatzsteuer","status":"publish","type":"post","link":"http:\/\/www.020965.de\/?p=1873","title":{"rendered":"Ulrich Zwingli und die Umsatzsteuer"},"content":{"rendered":"<p>Am Reformationstag (31. Oktober) ist der Schweizer Zwingli-Film jetzt auch in deutschen Kinos angelaufen. Sehr sehenswert und ein tolles St\u00fcck Schweizer, und europ\u00e4ischer Geschichte.<\/p>\n<p><img decoding=\"async\" src=\"http:\/\/zwingli-film.com\/img\/cast\/MaxSimonischek.png\" alt=\"Zwingli-Darsteller Max Simonischek\" \/><\/p>\n<p>Ich hatte den Zwingli-Film schon im Februar in Basel gesehen und habe mir ihn daher jetzt auf DVD bestellt, die p\u00fcnktlich zum Kinostart am 31. Oktober bei mir in K\u00f6ln eintraf. <\/p>\n<p>Und dabei stie\u00df ich auf eine seltsame steuerrechtliche Konstruktion des Schweizer DVD-H\u00e4ndlers. Die haben schon ein gutes Gesch\u00e4ftsmodell in Winterthur. Sie berechnen mir f\u00fcr die Zwingli-DVD 18,49 EUR. Auf der Rechnung steht: Der Ort der Lieferung ist Winterthur \/ Schweiz. Schuldner der Einfuhr-Umsatzsteuer ist der Leistungsempf\u00e4nger. Die Lieferung ist aufgrund ihres Warenwertes von bis zu 22,00 EUR nach Artikel 27 der EWG-VO Nr. 918\/13 von den Einfuhrabgaben befreit.<\/p>\n<p>Auf deutsch: wenn ich die DVD bei einem deutschen Shop (z.B. Amazon.de) bestellt h\u00e4tte, w\u00e4ren 19% Umsatzsteuer zu zahlen gewesen, also h\u00e4tte mich die DVD 3,51 EUR zus\u00e4tzlich gekostet. Durch die Ausnutzung dieser EWG-Klausel spart sich das Schweizer Unternehmen diese Steuern. Ziemlich frech und letztlich ein Subvention grenznaher Schweizer Unternehmen durch alle EU-Steuerzahler.<\/p>\n","protected":false},"excerpt":{"rendered":"<p>Am Reformationstag (31. Oktober) ist der Schweizer Zwingli-Film jetzt auch in deutschen Kinos angelaufen. Sehr sehenswert und ein tolles St\u00fcck Schweizer, und europ\u00e4ischer Geschichte. Ich hatte den Zwingli-Film schon im Februar in Basel gesehen und habe mir ihn daher jetzt auf DVD bestellt, die p\u00fcnktlich zum Kinostart am 31. Oktober bei mir in K\u00f6ln eintraf. [&hellip;]<\/p>\n","protected":false},"author":1,"featured_media":0,"comment_status":"open","ping_status":"open","sticky":false,"template":"","format":"standard","meta":{"jetpack_post_was_ever_published":false,"footnotes":"","jetpack_publicize_message":"","jetpack_is_tweetstorm":false,"jetpack_publicize_feature_enabled":true},"categories":[28,19],"tags":[],"jetpack_publicize_connections":[],"jetpack_featured_media_url":"","jetpack_sharing_enabled":true,"jetpack_shortlink":"https:\/\/wp.me\/paG60H-ud","_links":{"self":[{"href":"http:\/\/www.020965.de\/index.php?rest_route=\/wp\/v2\/posts\/1873"}],"collection":[{"href":"http:\/\/www.020965.de\/index.php?rest_route=\/wp\/v2\/posts"}],"about":[{"href":"http:\/\/www.020965.de\/index.php?rest_route=\/wp\/v2\/types\/post"}],"author":[{"embeddable":true,"href":"http:\/\/www.020965.de\/index.php?rest_route=\/wp\/v2\/users\/1"}],"replies":[{"embeddable":true,"href":"http:\/\/www.020965.de\/index.php?rest_route=%2Fwp%2Fv2%2Fcomments&post=1873"}],"version-history":[{"count":1,"href":"http:\/\/www.020965.de\/index.php?rest_route=\/wp\/v2\/posts\/1873\/revisions"}],"predecessor-version":[{"id":1874,"href":"http:\/\/www.020965.de\/index.php?rest_route=\/wp\/v2\/posts\/1873\/revisions\/1874"}],"wp:attachment":[{"href":"http:\/\/www.020965.de\/index.php?rest_route=%2Fwp%2Fv2%2Fmedia&parent=1873"}],"wp:term":[{"taxonomy":"category","embeddable":true,"href":"http:\/\/www.020965.de\/index.php?rest_route=%2Fwp%2Fv2%2Fcategories&post=1873"},{"taxonomy":"post_tag","embeddable":true,"href":"http:\/\/www.020965.de\/index.php?rest_route=%2Fwp%2Fv2%2Ftags&post=1873"}],"curies":[{"name":"wp","href":"https:\/\/api.w.org\/{rel}","templated":true}]}}