{"id":1860,"date":"2019-10-07T08:20:07","date_gmt":"2019-10-07T07:20:07","guid":{"rendered":"http:\/\/www.020965.de\/?p=1860"},"modified":"2019-10-07T08:23:12","modified_gmt":"2019-10-07T07:23:12","slug":"klimaschutz","status":"publish","type":"post","link":"http:\/\/www.020965.de\/?p=1860","title":{"rendered":"Klimaschutz"},"content":{"rendered":"<blockquote><p>Einen radikalen, panischen und un\u00fcberlegten Klimaschutz kann und wird es nicht geben k\u00f6nnen, weil wenn die Mehrheit der B\u00fcrger auf der Strecke bleibt, es sowieso zum Scheitern verurteilt ist. Aber da\u00df wir was machen m\u00fcssen (f\u00fcr mich steht hier schon immer der gesamtheitliche Umweltschutz zum Thema, CO2 allein ist f\u00fcr mich zu kurz gedacht) steht au\u00dfer Frage.<\/p>\n<p><em>Bernhard Nest<\/em><\/p><\/blockquote>\n<p><img decoding=\"async\" src=\"https:\/\/media.spiked-online.com\/website\/images\/2019\/04\/22145351\/greta-thunberg-800x480.jpg\" alt=\"Greta Thunberg\" \/><\/p>\n<p>Jetzt mal abgesehen von der &#8222;gro\u00dfen Politik&#8220;: was kann jeder von uns machen? Deutschland stellt 1% der Weltbev\u00f6lkerung, verursacht aber 2% des CO2-Aussto\u00dfes. Also m\u00fcssen wir alle unseren CO2-Aussto\u00df halbieren, nur, um auf dem Durchschnitt der Welt anzukommen. (eigentlich m\u00fc\u00dften wir sogar noch mehr machen, aber das ist wohl zu radikal, und wie oben dargelegt, w\u00fcrden dabei wohl zu viele B\u00fcrger auf der Strecke bleiben).<\/p>\n<p>Wie kann ich also meinen CO2-Aussto\u00df halbieren? Ich habe schon seit vielen Jahren kein eigenes Auto mehr, aber ich nutze etwa 4 mal pro Woche ein Carsharing-Auto. Insgesamt sitze ich etwa 60 Minuten pro Woche im Auto. Kann ich das auf 30 Minuten halbieren? Ja, im Prinzip schon, aber das w\u00fcrde mir richtig weh tun.<\/p>\n<p>Ich nutze etwa einmal pro Jahr ein Flugzeug, durchschnittlich zur\u00fcckgelegte Flugstrecke: 1.000 km pro Jahr. Diese Fl\u00fcge sind nat\u00fcrlich fast alle beruflich bedingt; privat fliege ich so gut wie nie. Kann ich diese Flugstrecke halbieren, auf 500 km pro Jahr? Ja, im Prinzip schon, aber das w\u00fcrde mein berufliches Fortkommen schon erschweren.<\/p>\n<p>Ich heize im Winter nur sehr, sehr selten meine Wohnung, etwa an 20 Tagen. Kann ich das auf 10 Tage pro Winter reduzieren? Im Prinzip schon, da ich k\u00fcrzlich umgezogen bin, in ein Haus mit wohl sehr gut w\u00e4rmeged\u00e4mmten W\u00e4nden. Mal sehen, was der kommende Winter so bringt.<\/p>\n","protected":false},"excerpt":{"rendered":"<p>Einen radikalen, panischen und un\u00fcberlegten Klimaschutz kann und wird es nicht geben k\u00f6nnen, weil wenn die Mehrheit der B\u00fcrger auf der Strecke bleibt, es sowieso zum Scheitern verurteilt ist. Aber da\u00df wir was machen m\u00fcssen (f\u00fcr mich steht hier schon immer der gesamtheitliche Umweltschutz zum Thema, CO2 allein ist f\u00fcr mich zu kurz gedacht) steht [&hellip;]<\/p>\n","protected":false},"author":1,"featured_media":0,"comment_status":"open","ping_status":"open","sticky":false,"template":"","format":"standard","meta":{"jetpack_post_was_ever_published":false,"footnotes":"","jetpack_publicize_message":"","jetpack_is_tweetstorm":false,"jetpack_publicize_feature_enabled":true},"categories":[24,13,14],"tags":[],"jetpack_publicize_connections":[],"jetpack_featured_media_url":"","jetpack_sharing_enabled":true,"jetpack_shortlink":"https:\/\/wp.me\/paG60H-u0","_links":{"self":[{"href":"http:\/\/www.020965.de\/index.php?rest_route=\/wp\/v2\/posts\/1860"}],"collection":[{"href":"http:\/\/www.020965.de\/index.php?rest_route=\/wp\/v2\/posts"}],"about":[{"href":"http:\/\/www.020965.de\/index.php?rest_route=\/wp\/v2\/types\/post"}],"author":[{"embeddable":true,"href":"http:\/\/www.020965.de\/index.php?rest_route=\/wp\/v2\/users\/1"}],"replies":[{"embeddable":true,"href":"http:\/\/www.020965.de\/index.php?rest_route=%2Fwp%2Fv2%2Fcomments&post=1860"}],"version-history":[{"count":2,"href":"http:\/\/www.020965.de\/index.php?rest_route=\/wp\/v2\/posts\/1860\/revisions"}],"predecessor-version":[{"id":1862,"href":"http:\/\/www.020965.de\/index.php?rest_route=\/wp\/v2\/posts\/1860\/revisions\/1862"}],"wp:attachment":[{"href":"http:\/\/www.020965.de\/index.php?rest_route=%2Fwp%2Fv2%2Fmedia&parent=1860"}],"wp:term":[{"taxonomy":"category","embeddable":true,"href":"http:\/\/www.020965.de\/index.php?rest_route=%2Fwp%2Fv2%2Fcategories&post=1860"},{"taxonomy":"post_tag","embeddable":true,"href":"http:\/\/www.020965.de\/index.php?rest_route=%2Fwp%2Fv2%2Ftags&post=1860"}],"curies":[{"name":"wp","href":"https:\/\/api.w.org\/{rel}","templated":true}]}}